{"id":13224,"date":"2025-04-09T18:40:42","date_gmt":"2025-04-09T16:40:42","guid":{"rendered":"https:\/\/mrk-photography.com\/?p=13224"},"modified":"2025-07-24T18:00:00","modified_gmt":"2025-07-24T16:00:00","slug":"successful-vernissage-between-reality-vision-rheinhessen-beyond-the-obvious","status":"publish","type":"post","link":"https:\/\/mrk-photography.com\/en\/ausstellungen\/erfolgreiche-vernissage-zwischen-realitaet-vision-rheinhessen-jenseits-des-offensichtlichen\/","title":{"rendered":"Erfolgreiche Vernissage: &#8222;Zwischen Realit\u00e4t &amp; Vision &#8211; Rheinhessen jenseits des Offensichtlichen&#8220;"},"content":{"rendered":"<p>Die Vernissage meiner Ausstellung &#8222;Zwischen Realit\u00e4t &amp; Vision &#8211; Rheinhessen jenseits des Offensichtlichen&#8220; in der <a href=\"https:\/\/www.ihk.de\/rheinhessen\/\" target=\"_blank\" rel=\"noreferrer noopener\">IHK Rheinhessen<\/a> was a complete success! Numerous visitors took the opportunity to discover Rheinhessen from a new perspective.<\/p>\n\n\n\n<p>The event was particularly honoured by the words of welcome from the President of the Rheinhessen Chamber of Industry and Commerce and the Rhineland-Palatinate Minister of Economic Affairs, Daniela Schmitt. Their presence and appreciative words emphasised the importance of cultural exchange between art and business in our region.<\/p>\n\n\n\n<p>My photographs illuminate the hidden facets of our region and invite you to recognise the extraordinary in the supposedly ordinary. The pictures tell stories of landscapes, people and companies that characterise Rheinhessen - beyond the obvious.<\/p>\n\n\n\n<p>The IHK Rheinhessen has also organised the exhibition in its <a href=\"https:\/\/www.ihk.de\/rheinhessen\/servicemarken\/pressemitteilungen\/pressemeldungen2025\/pm25-04-02-vernissage-6520260\" data-type=\"link\" data-id=\"https:\/\/www.ihk.de\/rheinhessen\/servicemarken\/pressemitteilungen\/pressemeldungen2025\/pm25-04-02-vernissage-6520260\" target=\"_blank\" rel=\"noopener\">current newsletter<\/a> which underlines the importance of the dialogue between art and business. Special thanks go to the <a href=\"https:\/\/braunewell-wein.de\" data-type=\"link\" data-id=\"https:\/\/braunewell-wein.de\" target=\"_blank\" rel=\"noopener\">Winery Braunewell<\/a>which contributed to the success of the evening with its excellent wines.<\/p>\n\n\n\n<p><\/p>\n\n\n\n<p>The exhibition is open to all interested parties during the regular opening hours of the IHK Rheinhessen. I cordially invite you to come by and see Rheinhessen through a new lens.<\/p>\n\n\n\n<p><\/p>\n\n\n\n<p><a href=\"https:\/\/mrk-photography.com\/en\/between-reality-vision-rheinhessen-beyond-the-obvious\/\" data-type=\"link\" data-id=\"https:\/\/mrk-photography.com\/zwischen-realitaet-vision-rheinhessen-jenseits-des-offensichtlichen\/\">You can find more information about the exhibition here.<\/a><br>This special exhibition can only be found via this link and only during the exhibition period on my website. It offers additional in-depth insights into the conceptual background of the project.<\/p>\n\n\n\n<h2 class=\"wp-block-heading\">Impressions of the vernissage<\/h2>\n\n\n\n<figure class=\"wp-block-gallery has-nested-images columns-default is-cropped wp-block-gallery-1 is-layout-flex wp-block-gallery-is-layout-flex\">\n<figure class=\"wp-block-image size-large\"><img fetchpriority=\"high\" decoding=\"async\" width=\"700\" height=\"875\" data-id=\"13232\" src=\"https:\/\/mrk-photography.com\/wp-content\/uploads\/2025\/04\/vernissage1kl-data.png\" alt=\"\" class=\"wp-image-13232\" title=\"\" srcset=\"https:\/\/mrk-photography.com\/wp-content\/uploads\/2025\/04\/vernissage1kl-data.png 700w, https:\/\/mrk-photography.com\/wp-content\/uploads\/2025\/04\/vernissage1kl-data-240x300.png 240w, https:\/\/mrk-photography.com\/wp-content\/uploads\/2025\/04\/vernissage1kl-data-10x12.png 10w\" sizes=\"(max-width: 700px) 100vw, 700px\" \/><figcaption class=\"wp-element-caption\">IHK for Rheinhessen \/ Julia Schneider<\/figcaption><\/figure>\n\n\n\n<figure class=\"wp-block-image size-large\"><img decoding=\"async\" width=\"700\" height=\"933\" data-id=\"13242\" src=\"https:\/\/mrk-photography.com\/wp-content\/uploads\/2025\/04\/vernissage2kl-data.png\" alt=\"\" class=\"wp-image-13242\" title=\"\" srcset=\"https:\/\/mrk-photography.com\/wp-content\/uploads\/2025\/04\/vernissage2kl-data.png 700w, https:\/\/mrk-photography.com\/wp-content\/uploads\/2025\/04\/vernissage2kl-data-225x300.png 225w, https:\/\/mrk-photography.com\/wp-content\/uploads\/2025\/04\/vernissage2kl-data-9x12.png 9w\" sizes=\"(max-width: 700px) 100vw, 700px\" \/><figcaption class=\"wp-element-caption\">IHK for Rheinhessen \/ Julia Schneider<\/figcaption><\/figure>\n\n\n\n<figure class=\"wp-block-image size-large\"><img decoding=\"async\" width=\"700\" height=\"933\" data-id=\"13239\" src=\"https:\/\/mrk-photography.com\/wp-content\/uploads\/2025\/04\/vernissage3kl-data.png\" alt=\"\" class=\"wp-image-13239\" title=\"\" srcset=\"https:\/\/mrk-photography.com\/wp-content\/uploads\/2025\/04\/vernissage3kl-data.png 700w, https:\/\/mrk-photography.com\/wp-content\/uploads\/2025\/04\/vernissage3kl-data-225x300.png 225w, https:\/\/mrk-photography.com\/wp-content\/uploads\/2025\/04\/vernissage3kl-data-9x12.png 9w\" sizes=\"(max-width: 700px) 100vw, 700px\" \/><figcaption class=\"wp-element-caption\">IHK for Rheinhessen \/ Julia Schneider<\/figcaption><\/figure>\n\n\n\n<figure class=\"wp-block-image size-large\"><img loading=\"lazy\" decoding=\"async\" width=\"1000\" height=\"750\" data-id=\"13241\" src=\"https:\/\/mrk-photography.com\/wp-content\/uploads\/2025\/04\/vernissage4kl-data-1000x750.png\" alt=\"\" class=\"wp-image-13241\" title=\"\" srcset=\"https:\/\/mrk-photography.com\/wp-content\/uploads\/2025\/04\/vernissage4kl-data-1000x750.png 1000w, https:\/\/mrk-photography.com\/wp-content\/uploads\/2025\/04\/vernissage4kl-data-300x225.png 300w, https:\/\/mrk-photography.com\/wp-content\/uploads\/2025\/04\/vernissage4kl-data-768x576.png 768w, https:\/\/mrk-photography.com\/wp-content\/uploads\/2025\/04\/vernissage4kl-data-16x12.png 16w, https:\/\/mrk-photography.com\/wp-content\/uploads\/2025\/04\/vernissage4kl-data.png 1280w\" sizes=\"(max-width: 1000px) 100vw, 1000px\" \/><figcaption class=\"wp-element-caption\">IHK for Rheinhessen \/ Julia Schneider<\/figcaption><\/figure>\n\n\n\n<figure class=\"wp-block-image size-large\"><img loading=\"lazy\" decoding=\"async\" width=\"700\" height=\"933\" data-id=\"13231\" src=\"https:\/\/mrk-photography.com\/wp-content\/uploads\/2025\/04\/vernissage5kl-data.png\" alt=\"\" class=\"wp-image-13231\" title=\"\" srcset=\"https:\/\/mrk-photography.com\/wp-content\/uploads\/2025\/04\/vernissage5kl-data.png 700w, https:\/\/mrk-photography.com\/wp-content\/uploads\/2025\/04\/vernissage5kl-data-225x300.png 225w, https:\/\/mrk-photography.com\/wp-content\/uploads\/2025\/04\/vernissage5kl-data-9x12.png 9w\" sizes=\"(max-width: 700px) 100vw, 700px\" \/><figcaption class=\"wp-element-caption\">IHK for Rheinhessen \/ Julia Schneider<\/figcaption><\/figure>\n\n\n\n<figure class=\"wp-block-image size-large\"><img loading=\"lazy\" decoding=\"async\" width=\"700\" height=\"933\" data-id=\"13236\" src=\"https:\/\/mrk-photography.com\/wp-content\/uploads\/2025\/04\/vernissage8kl-data.png\" alt=\"\" class=\"wp-image-13236\" title=\"\" srcset=\"https:\/\/mrk-photography.com\/wp-content\/uploads\/2025\/04\/vernissage8kl-data.png 700w, https:\/\/mrk-photography.com\/wp-content\/uploads\/2025\/04\/vernissage8kl-data-225x300.png 225w, https:\/\/mrk-photography.com\/wp-content\/uploads\/2025\/04\/vernissage8kl-data-9x12.png 9w\" sizes=\"(max-width: 700px) 100vw, 700px\" \/><figcaption class=\"wp-element-caption\">IHK for Rheinhessen \/ Julia Schneider<\/figcaption><\/figure>\n\n\n\n<figure class=\"wp-block-image size-large\"><img loading=\"lazy\" decoding=\"async\" width=\"700\" height=\"933\" data-id=\"13234\" src=\"https:\/\/mrk-photography.com\/wp-content\/uploads\/2025\/04\/vernissage10kl-data.png\" alt=\"\" class=\"wp-image-13234\" title=\"\" srcset=\"https:\/\/mrk-photography.com\/wp-content\/uploads\/2025\/04\/vernissage10kl-data.png 700w, https:\/\/mrk-photography.com\/wp-content\/uploads\/2025\/04\/vernissage10kl-data-225x300.png 225w, https:\/\/mrk-photography.com\/wp-content\/uploads\/2025\/04\/vernissage10kl-data-9x12.png 9w\" sizes=\"(max-width: 700px) 100vw, 700px\" \/><figcaption class=\"wp-element-caption\">IHK for Rheinhessen \/ Julia Schneider<\/figcaption><\/figure>\n\n\n\n<figure class=\"wp-block-image size-large\"><img loading=\"lazy\" decoding=\"async\" width=\"700\" height=\"933\" data-id=\"13238\" src=\"https:\/\/mrk-photography.com\/wp-content\/uploads\/2025\/04\/vernissage11kl-data.png\" alt=\"\" class=\"wp-image-13238\" title=\"\" srcset=\"https:\/\/mrk-photography.com\/wp-content\/uploads\/2025\/04\/vernissage11kl-data.png 700w, https:\/\/mrk-photography.com\/wp-content\/uploads\/2025\/04\/vernissage11kl-data-225x300.png 225w, https:\/\/mrk-photography.com\/wp-content\/uploads\/2025\/04\/vernissage11kl-data-9x12.png 9w\" sizes=\"(max-width: 700px) 100vw, 700px\" \/><figcaption class=\"wp-element-caption\">IHK for Rheinhessen \/ Julia Schneider<\/figcaption><\/figure>\n\n\n\n<figure class=\"wp-block-image size-large\"><img loading=\"lazy\" decoding=\"async\" width=\"700\" height=\"933\" data-id=\"13237\" src=\"https:\/\/mrk-photography.com\/wp-content\/uploads\/2025\/04\/vernissage12kl-data.png\" alt=\"\" class=\"wp-image-13237\" title=\"\" srcset=\"https:\/\/mrk-photography.com\/wp-content\/uploads\/2025\/04\/vernissage12kl-data.png 700w, https:\/\/mrk-photography.com\/wp-content\/uploads\/2025\/04\/vernissage12kl-data-225x300.png 225w, https:\/\/mrk-photography.com\/wp-content\/uploads\/2025\/04\/vernissage12kl-data-9x12.png 9w\" sizes=\"(max-width: 700px) 100vw, 700px\" \/><figcaption class=\"wp-element-caption\">IHK for Rheinhessen \/ Julia Schneider<\/figcaption><\/figure>\n\n\n\n<figure class=\"wp-block-image size-large\"><img loading=\"lazy\" decoding=\"async\" width=\"700\" height=\"933\" data-id=\"13233\" src=\"https:\/\/mrk-photography.com\/wp-content\/uploads\/2025\/04\/vernissage13kl-data.png\" alt=\"\" class=\"wp-image-13233\" title=\"\" srcset=\"https:\/\/mrk-photography.com\/wp-content\/uploads\/2025\/04\/vernissage13kl-data.png 700w, https:\/\/mrk-photography.com\/wp-content\/uploads\/2025\/04\/vernissage13kl-data-225x300.png 225w, https:\/\/mrk-photography.com\/wp-content\/uploads\/2025\/04\/vernissage13kl-data-9x12.png 9w\" sizes=\"(max-width: 700px) 100vw, 700px\" \/><figcaption class=\"wp-element-caption\">IHK for Rheinhessen \/ Julia Schneider<\/figcaption><\/figure>\n\n\n\n<figure class=\"wp-block-image size-large\"><img loading=\"lazy\" decoding=\"async\" width=\"1000\" height=\"750\" data-id=\"13240\" src=\"https:\/\/mrk-photography.com\/wp-content\/uploads\/2025\/04\/vernissage14kl-data-1000x750.png\" alt=\"\" class=\"wp-image-13240\" title=\"\" srcset=\"https:\/\/mrk-photography.com\/wp-content\/uploads\/2025\/04\/vernissage14kl-data-1000x750.png 1000w, https:\/\/mrk-photography.com\/wp-content\/uploads\/2025\/04\/vernissage14kl-data-300x225.png 300w, https:\/\/mrk-photography.com\/wp-content\/uploads\/2025\/04\/vernissage14kl-data-768x576.png 768w, https:\/\/mrk-photography.com\/wp-content\/uploads\/2025\/04\/vernissage14kl-data-16x12.png 16w, https:\/\/mrk-photography.com\/wp-content\/uploads\/2025\/04\/vernissage14kl-data.png 1280w\" sizes=\"(max-width: 1000px) 100vw, 1000px\" \/><figcaption class=\"wp-element-caption\">IHK for Rheinhessen \/ Julia Schneider<\/figcaption><\/figure>\n\n\n\n<figure class=\"wp-block-image size-large\"><img loading=\"lazy\" decoding=\"async\" width=\"700\" height=\"933\" data-id=\"13235\" src=\"https:\/\/mrk-photography.com\/wp-content\/uploads\/2025\/04\/vernissage16kl-data.png\" alt=\"\" class=\"wp-image-13235\" title=\"\" srcset=\"https:\/\/mrk-photography.com\/wp-content\/uploads\/2025\/04\/vernissage16kl-data.png 700w, https:\/\/mrk-photography.com\/wp-content\/uploads\/2025\/04\/vernissage16kl-data-225x300.png 225w, https:\/\/mrk-photography.com\/wp-content\/uploads\/2025\/04\/vernissage16kl-data-9x12.png 9w\" sizes=\"(max-width: 700px) 100vw, 700px\" \/><figcaption class=\"wp-element-caption\">IHK for Rheinhessen \/ Julia Schneider<\/figcaption><\/figure>\n<\/figure>\n\n\n\n<h2 class=\"wp-block-heading\">Visitor information<\/h2>\n\n\n\n<p><strong>Location<\/strong>IHK Rheinhessen, Schillerplatz 7, 55116 Mainz<br><strong>Exhibition duration:<\/strong> 01 April to 30 June 2025 \/ extended until 25 August 2025<br><strong>Opening hours:<\/strong> Monday-Thursday: 8:00-17:00, Friday: 8:00-16:00, Saturday &amp; Sunday: closed IHK Rheinhessen<br><strong>Admission<\/strong>Free<\/p>\n\n\n\n<p>I look forward to your visit!<\/p>","protected":false},"excerpt":{"rendered":"<p>Die Vernissage meiner Ausstellung &#8222;Zwischen Realit\u00e4t &amp; Vision &#8211; Rheinhessen jenseits des Offensichtlichen&#8220; in der IHK Rheinhessen war ein voller Erfolg! Zahlreiche Besucher nutzten die Gelegenheit, Rheinhessen aus einer neuen Perspektive zu entdecken. Besonders geehrt wurde die Veranstaltung durch die Gru\u00dfworte des Pr\u00e4sidenten der IHK Rheinhessen sowie der rheinland-pf\u00e4lzischen Wirtschaftsministerin Daniela Schmitt. Ihre Anwesenheit und [&hellip;]<\/p>\n","protected":false},"author":1,"featured_media":13240,"comment_status":"closed","ping_status":"closed","sticky":false,"template":"","format":"standard","meta":{"footnotes":""},"categories":[344],"tags":[359],"class_list":["post-13224","post","type-post","status-publish","format-standard","has-post-thumbnail","hentry","category-ausstellungen","tag-aktuelles"],"_links":{"self":[{"href":"https:\/\/mrk-photography.com\/en\/wp-json\/wp\/v2\/posts\/13224","targetHints":{"allow":["GET"]}}],"collection":[{"href":"https:\/\/mrk-photography.com\/en\/wp-json\/wp\/v2\/posts"}],"about":[{"href":"https:\/\/mrk-photography.com\/en\/wp-json\/wp\/v2\/types\/post"}],"author":[{"embeddable":true,"href":"https:\/\/mrk-photography.com\/en\/wp-json\/wp\/v2\/users\/1"}],"replies":[{"embeddable":true,"href":"https:\/\/mrk-photography.com\/en\/wp-json\/wp\/v2\/comments?post=13224"}],"version-history":[{"count":5,"href":"https:\/\/mrk-photography.com\/en\/wp-json\/wp\/v2\/posts\/13224\/revisions"}],"predecessor-version":[{"id":13701,"href":"https:\/\/mrk-photography.com\/en\/wp-json\/wp\/v2\/posts\/13224\/revisions\/13701"}],"wp:featuredmedia":[{"embeddable":true,"href":"https:\/\/mrk-photography.com\/en\/wp-json\/wp\/v2\/media\/13240"}],"wp:attachment":[{"href":"https:\/\/mrk-photography.com\/en\/wp-json\/wp\/v2\/media?parent=13224"}],"wp:term":[{"taxonomy":"category","embeddable":true,"href":"https:\/\/mrk-photography.com\/en\/wp-json\/wp\/v2\/categories?post=13224"},{"taxonomy":"post_tag","embeddable":true,"href":"https:\/\/mrk-photography.com\/en\/wp-json\/wp\/v2\/tags?post=13224"}],"curies":[{"name":"wp","href":"https:\/\/api.w.org\/{rel}","templated":true}]}}